{"id":211705,"date":"2021-03-04T12:32:46","date_gmt":"2021-03-04T11:32:46","guid":{"rendered":"https:\/\/www.stormshield.com\/?p=211705"},"modified":"2023-06-26T11:55:18","modified_gmt":"2023-06-26T10:55:18","slug":"strategie-nationale-pour-la-cybersecurite-la-reponse-francaise-face-a-la-menace","status":"publish","type":"post","link":"https:\/\/www.stormshield.com\/fr\/actus\/strategie-nationale-pour-la-cybersecurite-la-reponse-francaise-face-a-la-menace\/","title":{"rendered":"Strat\u00e9gie nationale pour la cybers\u00e9curit\u00e9 : la r\u00e9ponse fran\u00e7aise face \u00e0 la menace"},"content":{"rendered":"<div class=\"wpb-content-wrapper\"><p>[vc_row css_animation=\"\" row_type=\"row\" use_row_as_full_screen_section=\"no\" type=\"full_width\" angled_section=\"no\" text_align=\"left\" background_image_as_pattern=\"without_pattern\"][vc_column][vc_column_text]<img loading=\"lazy\" decoding=\"async\" class=\"aligncenter wp-image-211712 size-full\" src=\"https:\/\/www.stormshield.com\/wp-content\/uploads\/shutterstock-1897555372-2-converti-scaled-e1618474280264.jpg\" alt=\"Plan cybers\u00e9curit\u00e9 : la r\u00e9ponse fran\u00e7aise face \u00e0 la menace | Stormshield\" width=\"800\" height=\"605\" \/><\/p>\n<p><strong>Longtemps consid\u00e9r\u00e9e comme le parent pauvre des budgets li\u00e9s au d\u00e9veloppement du num\u00e9rique, la cybers\u00e9curit\u00e9 devient \u00e0 pr\u00e9sent une priorit\u00e9 \u00e9tatique. Une prise de conscience acc\u00e9l\u00e9r\u00e9e par la recrudescence des attaques ces derniers mois. \u00c0 la cl\u00e9\u00a0: un milliard d'euros d'investissements pour acc\u00e9l\u00e9rer le d\u00e9veloppement de ce secteur \u00e9conomique et accro\u00eetre les niveaux de protection des institutions publiques.<\/strong><\/p>\n<p>&nbsp;<\/p>\n<h2>Renforcer la protection des citoyens, des administrations, des collectivit\u00e9s et des entreprises<\/h2>\n<p>Apr\u00e8s 25 cyberattaques majeures men\u00e9es dans les h\u00f4pitaux en 2020, les deux r\u00e9centes attaques des centres hospitaliers de Dax et de Villefranche-sur-Sa\u00f4ne ont \u00e9t\u00e9 le d\u00e9clencheur de la communication par l\u2019\u00c9tat de <a href=\"https:\/\/www.gouvernement.fr\/un-plan-a-1-milliard-d-euros-pour-renforcer-la-cybersecurite\" target=\"_blank\" rel=\"noopener\">son plan cybers\u00e9curit\u00e9<\/a>, en pr\u00e9paration depuis plusieurs mois, et de la cr\u00e9ation d\u2019un observatoire permanent du niveau de s\u00e9curit\u00e9 des \u00e9tablissements de sant\u00e9. Une situation anxiog\u00e8ne en cette p\u00e9riode d\u2019\u00e9pid\u00e9mie de Covid-19. Mais au-del\u00e0 du secteur hospitalier, <strong>ce plan de cybers\u00e9curit\u00e9 vise plus largement \u00e0 renforcer la protection des citoyens, des administrations, des collectivit\u00e9s et des entreprises<\/strong>. Aucun n\u2019ayant \u00e9t\u00e9 \u00e9pargn\u00e9 par ces attaques de plus en plus professionnalis\u00e9es. En quelques chiffres sur l'ann\u00e9e 2020 : 57% des entreprises d\u00e9clarent avoir connu au moins une cyberattaque (selon la 6\u00e8me \u00e9dition du barom\u00e8tre annuel du CESIN), tandis que le nombre d'attaques informatiques trait\u00e9s par l'ANSSI a \u00e9t\u00e9 multipli\u00e9 par quatre.<\/p>\n<p><strong>Ce renforcement de la s\u00e9curit\u00e9 num\u00e9rique, souhait\u00e9 par l\u2019\u00c9tat fran\u00e7ais, s\u2019appuie sur plusieurs ambitions majeures\u00a0:<\/strong> le d\u00e9veloppement de solutions de cybers\u00e9curit\u00e9 souveraines et innovantes ainsi que le renforcement des liens entre les diff\u00e9rents acteurs, pour accro\u00eetre la place de la France au niveau international sur ce secteur et pour cr\u00e9er un \u00ab\u00a0\u00e9cosyst\u00e8me\u00a0\u00bb mieux arm\u00e9 dans la d\u00e9tection et la rem\u00e9diation des attaques ; le soutien \u00e0 la demande, pour accompagner l\u2019ensemble des parties vis\u00e9es dans leur prise de conscience, dans la mise en place d\u2019actions de sensibilisation et dans le choix de solutions fran\u00e7aises ; et enfin la formation aux m\u00e9tiers de la cybers\u00e9curit\u00e9, pour promouvoir et d\u00e9velopper cette fili\u00e8re qui a du mal \u00e0 recruter des profils adapt\u00e9s.<\/p>\n<p>&nbsp;<\/p>\n<h2>S'\u00e9quiper avec des solutions fran\u00e7aises de confiance<\/h2>\n<p>Les objectifs annonc\u00e9s d\u2019ici \u00e0 2025 portent notamment sur la r\u00e9alisation de 25\u00a0Md\u20ac de chiffre d\u2019affaires pour la fili\u00e8re, un doublement du nombre d\u2019emplois (75\u00a0000), une hausse de 20% des brevets via les actions de recherche et d\u00e9veloppement et l\u2019\u00e9mergence de trois licornes fran\u00e7aises en cybers\u00e9curit\u00e9. Sans oublier la prochaine ouverture du Campus Cyber qui s\u2019ouvrira d\u2019ici la fin de l\u2019ann\u00e9e et regroupera plus de 1\u00a0000 experts issus de 60\u00a0acteurs publics et priv\u00e9s. Ces r\u00e9centes annonces sont une v\u00e9ritable opportunit\u00e9 pour tous les <a href=\"https:\/\/www.stormshield.com\/fr\/la-difference-stormshield\/\">acteurs fran\u00e7ais de la cybers\u00e9curit\u00e9<\/a> qui, malgr\u00e9 leur haut niveau d\u2019expertise et leur volont\u00e9 d\u2019innovation, sont confront\u00e9s \u00e0 des concurrents internationaux dont les budgets de R&amp;D et de marketing sont bien plus \u00e9lev\u00e9s et qui souffrent d\u2019un manque de ressources qualifi\u00e9es. <strong>C\u2019est aussi l\u2019opportunit\u00e9 pour toutes les entreprises, collectivit\u00e9s et administrations fran\u00e7aises, de renforcer leur s\u00e9curit\u00e9 en s\u2019\u00e9quipant de solutions fran\u00e7aises de confiance, dont la robustesse aura \u00e9t\u00e9 \u00e9prouv\u00e9e et les codes sources auront \u00e9t\u00e9 audit\u00e9s.<\/strong><\/p>\n<p><strong>Stormshield fera bien entendu partie des acteurs qui seront pr\u00e9sents sur le nouveau Campus Cyber<\/strong> et b\u00e9n\u00e9ficieront de ce nouveau plan. Ce dernier ne fait que rappeler l\u2019importance de notre mission, qui va bien au-del\u00e0 de la protection des ressources informatiques ou des donn\u00e9es, en assurant avant tout la protection des biens, des personnes et des institutions. Les r\u00e9centes attaques ayant d\u00e9montr\u00e9 \u00e0 quel point l\u2019IT &amp; l\u2019OT \u00e9taient devenus des \u00e9l\u00e9ments vitaux sur les plans \u00e9conomiques, soci\u00e9taux, techniques et humains, qu\u2019il fallait prot\u00e9ger avec le plus haut niveau d\u2019exigence et de qualit\u00e9. L\u2019\u00c9tat a \u00e9galement rappel\u00e9 l\u2019importance de Cybermalveillance.gouv.fr, dont Stormshield est membre depuis sa cr\u00e9ation. Cette organisation, d\u00e9di\u00e9e \u00e0 l\u2019accompagnement des victimes d\u2019actes de cybermalveillance, a notamment lanc\u00e9 le label ExpertCyber, qui permet de valoriser les professionnels en s\u00e9curit\u00e9 num\u00e9rique ayant d\u00e9montr\u00e9 un niveau d\u2019expertise technique et de transparence dans les domaines de l\u2019assistance et de l\u2019accompagnement de leurs clients. Les 50 premi\u00e8res entreprises r\u00e9cemment labellis\u00e9es sont un premier pas, et Stormshield encourage fortement ses partenaires \u00e0 rejoindre ce label, gage de professionnalisme et de qualit\u00e9. Mais au-del\u00e0 de la d\u00e9marche fran\u00e7aise, c\u2019est \u00e9galement toute l\u2019Union europ\u00e9enne qui s\u2019organise pour faire face \u00e0 la cybercriminalit\u00e9 et renforcer sa cyber-r\u00e9silience afin de faire en sorte que tous les citoyens et toutes les entreprises et administrations puissent b\u00e9n\u00e9ficier pleinement de services et d'outils num\u00e9riques fiables et dignes de confiance. Les solutions fran\u00e7aises, certifi\u00e9es et qualifi\u00e9es, ont toute leur l\u00e9gitimit\u00e9 pour r\u00e9pondre notamment au nouveau cadre de certification unique en cours de mise en place \u00e0 l\u2019\u00e9chelle europ\u00e9enne. Stormshield fait d\u2019ailleurs partie du groupe de travail de l\u2019ENISA en charge de d\u00e9finir ces nouveaux standards de certification.<\/p>\n<blockquote><p><em>En tant que t\u00eate de file des \u00e9diteurs de cybers\u00e9curit\u00e9 fran\u00e7ais, nous accueillons ces annonces avec enthousiasme. N\u00e9anmoins, ce plan cybers\u00e9curit\u00e9 d\u2019un milliard d\u2019euros ne peut \u00eatre qu\u2019une \u00e9tape car il n\u2019effacera pas \u00e0 lui seul les effets du manque de moyens accumul\u00e9s par les acteurs de la fili\u00e8re. Cet effort doit s\u2019accompagner d\u2019un \u00e9lan collectif de fl\u00e9chage des d\u00e9penses d\u2019investissements par les grands donneurs d\u2019ordre, publics comme priv\u00e9s, de pr\u00e9f\u00e9rence vers des technologies franco-europ\u00e9ennes afin de freiner ce financement indirect des acteurs outre-Atlantique qui contraint l\u2019\u00c9tat \u00e0 agir aujourd\u2019hui<\/em><\/p>\n<pre><strong>Pierre-Yves Hentzen,<\/strong> Pr\u00e9sident de Stormshield<\/pre>\n<\/blockquote>\n<p>[\/vc_column_text][\/vc_column][\/vc_row]<\/p>\n<\/div>","protected":false},"excerpt":{"rendered":"<p>[vc_row css_animation=\u00a0\u00bb\u00a0\u00bb row_type=\u00a0\u00bbrow\u00a0\u00bb use_row_as_full_screen_section=\u00a0\u00bbno\u00a0\u00bb type=\u00a0\u00bbfull_width\u00a0\u00bb angled_section=\u00a0\u00bbno\u00a0\u00bb text_align=\u00a0\u00bbleft\u00a0\u00bb background_image_as_pattern=\u00a0\u00bbwithout_pattern\u00a0\u00bb][vc_column][vc_column_text] Longtemps consid\u00e9r\u00e9e comme le parent pauvre des budgets li\u00e9s au d\u00e9veloppement du num\u00e9rique, la cybers\u00e9curit\u00e9 devient \u00e0 pr\u00e9sent une priorit\u00e9 \u00e9tatique. Une prise de conscience acc\u00e9l\u00e9r\u00e9e par la recrudescence des attaques ces derniers mois. \u00c0 la cl\u00e9\u00a0:&#8230;<\/p>\n","protected":false},"author":43,"featured_media":211712,"comment_status":"open","ping_status":"open","sticky":false,"template":"","format":"standard","meta":{"_acf_changed":false,"footnotes":""},"categories":[2],"tags":[4362],"business_size":[],"industry":[],"help_mefind":[],"features":[],"type_security":[],"maintenance":[],"offer":[],"administration_tools":[],"cloud_offers":[],"listing_product":[1570,1565,1530],"class_list":["post-211705","post","type-post","status-publish","format-standard","has-post-thumbnail","hentry","category-corporate-fr","tag-vie-entreprise","listing_product-sds-fr","listing_product-ses-fr","listing_product-sns-fr"],"acf":[],"yoast_head":"<!-- This site is optimized with the Yoast SEO plugin v27.3 - https:\/\/yoast.com\/product\/yoast-seo-wordpress\/ -->\n<title>Plan cybers\u00e9curit\u00e9, r\u00e9ponse fran\u00e7aise \u00e0 la menace | Stormshield<\/title>\n<meta name=\"description\" content=\"Analyse de la strat\u00e9gie nationale pour la cybers\u00e9curit\u00e9 et du plan \u00e0 1 milliard d&#039;euros avec Pierre-Yves Hentzen, Pr\u00e9sident de Stormshield.\" \/>\n<meta name=\"robots\" content=\"index, follow, max-snippet:-1, max-image-preview:large, max-video-preview:-1\" \/>\n<link rel=\"canonical\" href=\"https:\/\/www.stormshield.com\/fr\/actus\/strategie-nationale-pour-la-cybersecurite-la-reponse-francaise-face-a-la-menace\/\" \/>\n<meta property=\"og:locale\" content=\"fr_FR\" \/>\n<meta property=\"og:type\" content=\"article\" \/>\n<meta property=\"og:title\" content=\"Plan cybers\u00e9curit\u00e9, r\u00e9ponse fran\u00e7aise \u00e0 la menace | Stormshield\" \/>\n<meta property=\"og:description\" content=\"Analyse de la strat\u00e9gie nationale pour la cybers\u00e9curit\u00e9 et du plan \u00e0 1 milliard d&#039;euros avec Pierre-Yves Hentzen, Pr\u00e9sident de Stormshield.\" \/>\n<meta property=\"og:url\" content=\"https:\/\/www.stormshield.com\/fr\/actus\/strategie-nationale-pour-la-cybersecurite-la-reponse-francaise-face-a-la-menace\/\" \/>\n<meta property=\"og:site_name\" content=\"Stormshield\" \/>\n<meta property=\"article:published_time\" content=\"2021-03-04T11:32:46+00:00\" \/>\n<meta property=\"article:modified_time\" content=\"2023-06-26T10:55:18+00:00\" \/>\n<meta property=\"og:image\" content=\"https:\/\/www.stormshield.com\/wp-content\/uploads\/shutterstock-1897555372-2-converti-scaled-e1618474280264.jpg\" \/>\n\t<meta property=\"og:image:width\" content=\"800\" \/>\n\t<meta property=\"og:image:height\" content=\"605\" \/>\n\t<meta property=\"og:image:type\" content=\"image\/jpeg\" \/>\n<meta name=\"author\" content=\"Pierre-Yves Hentzen\" \/>\n<meta name=\"twitter:card\" content=\"summary_large_image\" \/>\n<meta name=\"twitter:creator\" content=\"@pyhentzen\" \/>\n<meta name=\"twitter:site\" content=\"@Stormshield\" \/>\n<meta name=\"twitter:label1\" content=\"\u00c9crit par\" \/>\n\t<meta name=\"twitter:data1\" content=\"Pierre-Yves Hentzen\" \/>\n\t<meta name=\"twitter:label2\" content=\"Dur\u00e9e de lecture estim\u00e9e\" \/>\n\t<meta name=\"twitter:data2\" content=\"5 minutes\" \/>\n<script type=\"application\/ld+json\" class=\"yoast-schema-graph\">{\"@context\":\"https:\\\/\\\/schema.org\",\"@graph\":[{\"@type\":\"Article\",\"@id\":\"https:\\\/\\\/www.stormshield.com\\\/fr\\\/actus\\\/strategie-nationale-pour-la-cybersecurite-la-reponse-francaise-face-a-la-menace\\\/#article\",\"isPartOf\":{\"@id\":\"https:\\\/\\\/www.stormshield.com\\\/fr\\\/actus\\\/strategie-nationale-pour-la-cybersecurite-la-reponse-francaise-face-a-la-menace\\\/\"},\"author\":{\"name\":\"Pierre-Yves Hentzen\",\"@id\":\"https:\\\/\\\/www.stormshield.com\\\/fr\\\/#\\\/schema\\\/person\\\/30090a13ee53114bfb363986c3e6c3b9\"},\"headline\":\"Strat\u00e9gie nationale pour la cybers\u00e9curit\u00e9 : la r\u00e9ponse fran\u00e7aise face \u00e0 la menace\",\"datePublished\":\"2021-03-04T11:32:46+00:00\",\"dateModified\":\"2023-06-26T10:55:18+00:00\",\"mainEntityOfPage\":{\"@id\":\"https:\\\/\\\/www.stormshield.com\\\/fr\\\/actus\\\/strategie-nationale-pour-la-cybersecurite-la-reponse-francaise-face-a-la-menace\\\/\"},\"wordCount\":1074,\"commentCount\":0,\"image\":{\"@id\":\"https:\\\/\\\/www.stormshield.com\\\/fr\\\/actus\\\/strategie-nationale-pour-la-cybersecurite-la-reponse-francaise-face-a-la-menace\\\/#primaryimage\"},\"thumbnailUrl\":\"https:\\\/\\\/www.stormshield.com\\\/wp-content\\\/uploads\\\/shutterstock-1897555372-2-converti-scaled-e1618474280264.jpg\",\"keywords\":[\"Vie de l'entreprise\"],\"articleSection\":[\"Corporate\"],\"inLanguage\":\"fr-FR\"},{\"@type\":\"WebPage\",\"@id\":\"https:\\\/\\\/www.stormshield.com\\\/fr\\\/actus\\\/strategie-nationale-pour-la-cybersecurite-la-reponse-francaise-face-a-la-menace\\\/\",\"url\":\"https:\\\/\\\/www.stormshield.com\\\/fr\\\/actus\\\/strategie-nationale-pour-la-cybersecurite-la-reponse-francaise-face-a-la-menace\\\/\",\"name\":\"Plan cybers\u00e9curit\u00e9, r\u00e9ponse fran\u00e7aise \u00e0 la menace | Stormshield\",\"isPartOf\":{\"@id\":\"https:\\\/\\\/www.stormshield.com\\\/fr\\\/#website\"},\"primaryImageOfPage\":{\"@id\":\"https:\\\/\\\/www.stormshield.com\\\/fr\\\/actus\\\/strategie-nationale-pour-la-cybersecurite-la-reponse-francaise-face-a-la-menace\\\/#primaryimage\"},\"image\":{\"@id\":\"https:\\\/\\\/www.stormshield.com\\\/fr\\\/actus\\\/strategie-nationale-pour-la-cybersecurite-la-reponse-francaise-face-a-la-menace\\\/#primaryimage\"},\"thumbnailUrl\":\"https:\\\/\\\/www.stormshield.com\\\/wp-content\\\/uploads\\\/shutterstock-1897555372-2-converti-scaled-e1618474280264.jpg\",\"datePublished\":\"2021-03-04T11:32:46+00:00\",\"dateModified\":\"2023-06-26T10:55:18+00:00\",\"author\":{\"@id\":\"https:\\\/\\\/www.stormshield.com\\\/fr\\\/#\\\/schema\\\/person\\\/30090a13ee53114bfb363986c3e6c3b9\"},\"description\":\"Analyse de la strat\u00e9gie nationale pour la cybers\u00e9curit\u00e9 et du plan \u00e0 1 milliard d'euros avec Pierre-Yves Hentzen, Pr\u00e9sident de Stormshield.\",\"breadcrumb\":{\"@id\":\"https:\\\/\\\/www.stormshield.com\\\/fr\\\/actus\\\/strategie-nationale-pour-la-cybersecurite-la-reponse-francaise-face-a-la-menace\\\/#breadcrumb\"},\"inLanguage\":\"fr-FR\",\"potentialAction\":[{\"@type\":\"ReadAction\",\"target\":[\"https:\\\/\\\/www.stormshield.com\\\/fr\\\/actus\\\/strategie-nationale-pour-la-cybersecurite-la-reponse-francaise-face-a-la-menace\\\/\"]}]},{\"@type\":\"ImageObject\",\"inLanguage\":\"fr-FR\",\"@id\":\"https:\\\/\\\/www.stormshield.com\\\/fr\\\/actus\\\/strategie-nationale-pour-la-cybersecurite-la-reponse-francaise-face-a-la-menace\\\/#primaryimage\",\"url\":\"https:\\\/\\\/www.stormshield.com\\\/wp-content\\\/uploads\\\/shutterstock-1897555372-2-converti-scaled-e1618474280264.jpg\",\"contentUrl\":\"https:\\\/\\\/www.stormshield.com\\\/wp-content\\\/uploads\\\/shutterstock-1897555372-2-converti-scaled-e1618474280264.jpg\",\"width\":800,\"height\":605},{\"@type\":\"BreadcrumbList\",\"@id\":\"https:\\\/\\\/www.stormshield.com\\\/fr\\\/actus\\\/strategie-nationale-pour-la-cybersecurite-la-reponse-francaise-face-a-la-menace\\\/#breadcrumb\",\"itemListElement\":[{\"@type\":\"ListItem\",\"position\":1,\"name\":\"Home\",\"item\":\"https:\\\/\\\/www.stormshield.com\\\/fr\\\/\"},{\"@type\":\"ListItem\",\"position\":2,\"name\":\"Strat\u00e9gie nationale pour la cybers\u00e9curit\u00e9 : la r\u00e9ponse fran\u00e7aise face \u00e0 la menace\"}]},{\"@type\":\"WebSite\",\"@id\":\"https:\\\/\\\/www.stormshield.com\\\/fr\\\/#website\",\"url\":\"https:\\\/\\\/www.stormshield.com\\\/fr\\\/\",\"name\":\"Stormshield\",\"description\":\"Stormshield\",\"potentialAction\":[{\"@type\":\"SearchAction\",\"target\":{\"@type\":\"EntryPoint\",\"urlTemplate\":\"https:\\\/\\\/www.stormshield.com\\\/fr\\\/?s={search_term_string}\"},\"query-input\":{\"@type\":\"PropertyValueSpecification\",\"valueRequired\":true,\"valueName\":\"search_term_string\"}}],\"inLanguage\":\"fr-FR\"},{\"@type\":\"Person\",\"@id\":\"https:\\\/\\\/www.stormshield.com\\\/fr\\\/#\\\/schema\\\/person\\\/30090a13ee53114bfb363986c3e6c3b9\",\"name\":\"Pierre-Yves Hentzen\",\"image\":{\"@type\":\"ImageObject\",\"inLanguage\":\"fr-FR\",\"@id\":\"https:\\\/\\\/secure.gravatar.com\\\/avatar\\\/c04a9430587de744a17e3df69e21b1bf16af9127a3c44bafd611569e204d0ce0?s=96&d=mm&r=g\",\"url\":\"https:\\\/\\\/secure.gravatar.com\\\/avatar\\\/c04a9430587de744a17e3df69e21b1bf16af9127a3c44bafd611569e204d0ce0?s=96&d=mm&r=g\",\"contentUrl\":\"https:\\\/\\\/secure.gravatar.com\\\/avatar\\\/c04a9430587de744a17e3df69e21b1bf16af9127a3c44bafd611569e204d0ce0?s=96&d=mm&r=g\",\"caption\":\"Pierre-Yves Hentzen\"},\"description\":\"Combining entrepreneurial, managerial, and financial expertise, Pierre-Yves\u2019s career began in 1989. Having joined Arkoon in 2001 as the Chief Financial and Administrative Officer, Pierre-Yves Hentzen retained this position in the 2013 Arkoon-Netasq merger. After his appointment as Deputy Chief Executive Officer in 2015, he was named Chief Executive Officer of Stormshield in 2017.\",\"sameAs\":[\"https:\\\/\\\/x.com\\\/pyhentzen\"]}]}<\/script>\n<!-- \/ Yoast SEO plugin. -->","yoast_head_json":{"title":"Plan cybers\u00e9curit\u00e9, r\u00e9ponse fran\u00e7aise \u00e0 la menace | Stormshield","description":"Analyse de la strat\u00e9gie nationale pour la cybers\u00e9curit\u00e9 et du plan \u00e0 1 milliard d'euros avec Pierre-Yves Hentzen, Pr\u00e9sident de Stormshield.","robots":{"index":"index","follow":"follow","max-snippet":"max-snippet:-1","max-image-preview":"max-image-preview:large","max-video-preview":"max-video-preview:-1"},"canonical":"https:\/\/www.stormshield.com\/fr\/actus\/strategie-nationale-pour-la-cybersecurite-la-reponse-francaise-face-a-la-menace\/","og_locale":"fr_FR","og_type":"article","og_title":"Plan cybers\u00e9curit\u00e9, r\u00e9ponse fran\u00e7aise \u00e0 la menace | Stormshield","og_description":"Analyse de la strat\u00e9gie nationale pour la cybers\u00e9curit\u00e9 et du plan \u00e0 1 milliard d'euros avec Pierre-Yves Hentzen, Pr\u00e9sident de Stormshield.","og_url":"https:\/\/www.stormshield.com\/fr\/actus\/strategie-nationale-pour-la-cybersecurite-la-reponse-francaise-face-a-la-menace\/","og_site_name":"Stormshield","article_published_time":"2021-03-04T11:32:46+00:00","article_modified_time":"2023-06-26T10:55:18+00:00","og_image":[{"width":800,"height":605,"url":"https:\/\/www.stormshield.com\/wp-content\/uploads\/shutterstock-1897555372-2-converti-scaled-e1618474280264.jpg","type":"image\/jpeg"}],"author":"Pierre-Yves Hentzen","twitter_card":"summary_large_image","twitter_creator":"@pyhentzen","twitter_site":"@Stormshield","twitter_misc":{"\u00c9crit par":"Pierre-Yves Hentzen","Dur\u00e9e de lecture estim\u00e9e":"5 minutes"},"schema":{"@context":"https:\/\/schema.org","@graph":[{"@type":"Article","@id":"https:\/\/www.stormshield.com\/fr\/actus\/strategie-nationale-pour-la-cybersecurite-la-reponse-francaise-face-a-la-menace\/#article","isPartOf":{"@id":"https:\/\/www.stormshield.com\/fr\/actus\/strategie-nationale-pour-la-cybersecurite-la-reponse-francaise-face-a-la-menace\/"},"author":{"name":"Pierre-Yves Hentzen","@id":"https:\/\/www.stormshield.com\/fr\/#\/schema\/person\/30090a13ee53114bfb363986c3e6c3b9"},"headline":"Strat\u00e9gie nationale pour la cybers\u00e9curit\u00e9 : la r\u00e9ponse fran\u00e7aise face \u00e0 la menace","datePublished":"2021-03-04T11:32:46+00:00","dateModified":"2023-06-26T10:55:18+00:00","mainEntityOfPage":{"@id":"https:\/\/www.stormshield.com\/fr\/actus\/strategie-nationale-pour-la-cybersecurite-la-reponse-francaise-face-a-la-menace\/"},"wordCount":1074,"commentCount":0,"image":{"@id":"https:\/\/www.stormshield.com\/fr\/actus\/strategie-nationale-pour-la-cybersecurite-la-reponse-francaise-face-a-la-menace\/#primaryimage"},"thumbnailUrl":"https:\/\/www.stormshield.com\/wp-content\/uploads\/shutterstock-1897555372-2-converti-scaled-e1618474280264.jpg","keywords":["Vie de l'entreprise"],"articleSection":["Corporate"],"inLanguage":"fr-FR"},{"@type":"WebPage","@id":"https:\/\/www.stormshield.com\/fr\/actus\/strategie-nationale-pour-la-cybersecurite-la-reponse-francaise-face-a-la-menace\/","url":"https:\/\/www.stormshield.com\/fr\/actus\/strategie-nationale-pour-la-cybersecurite-la-reponse-francaise-face-a-la-menace\/","name":"Plan cybers\u00e9curit\u00e9, r\u00e9ponse fran\u00e7aise \u00e0 la menace | Stormshield","isPartOf":{"@id":"https:\/\/www.stormshield.com\/fr\/#website"},"primaryImageOfPage":{"@id":"https:\/\/www.stormshield.com\/fr\/actus\/strategie-nationale-pour-la-cybersecurite-la-reponse-francaise-face-a-la-menace\/#primaryimage"},"image":{"@id":"https:\/\/www.stormshield.com\/fr\/actus\/strategie-nationale-pour-la-cybersecurite-la-reponse-francaise-face-a-la-menace\/#primaryimage"},"thumbnailUrl":"https:\/\/www.stormshield.com\/wp-content\/uploads\/shutterstock-1897555372-2-converti-scaled-e1618474280264.jpg","datePublished":"2021-03-04T11:32:46+00:00","dateModified":"2023-06-26T10:55:18+00:00","author":{"@id":"https:\/\/www.stormshield.com\/fr\/#\/schema\/person\/30090a13ee53114bfb363986c3e6c3b9"},"description":"Analyse de la strat\u00e9gie nationale pour la cybers\u00e9curit\u00e9 et du plan \u00e0 1 milliard d'euros avec Pierre-Yves Hentzen, Pr\u00e9sident de Stormshield.","breadcrumb":{"@id":"https:\/\/www.stormshield.com\/fr\/actus\/strategie-nationale-pour-la-cybersecurite-la-reponse-francaise-face-a-la-menace\/#breadcrumb"},"inLanguage":"fr-FR","potentialAction":[{"@type":"ReadAction","target":["https:\/\/www.stormshield.com\/fr\/actus\/strategie-nationale-pour-la-cybersecurite-la-reponse-francaise-face-a-la-menace\/"]}]},{"@type":"ImageObject","inLanguage":"fr-FR","@id":"https:\/\/www.stormshield.com\/fr\/actus\/strategie-nationale-pour-la-cybersecurite-la-reponse-francaise-face-a-la-menace\/#primaryimage","url":"https:\/\/www.stormshield.com\/wp-content\/uploads\/shutterstock-1897555372-2-converti-scaled-e1618474280264.jpg","contentUrl":"https:\/\/www.stormshield.com\/wp-content\/uploads\/shutterstock-1897555372-2-converti-scaled-e1618474280264.jpg","width":800,"height":605},{"@type":"BreadcrumbList","@id":"https:\/\/www.stormshield.com\/fr\/actus\/strategie-nationale-pour-la-cybersecurite-la-reponse-francaise-face-a-la-menace\/#breadcrumb","itemListElement":[{"@type":"ListItem","position":1,"name":"Home","item":"https:\/\/www.stormshield.com\/fr\/"},{"@type":"ListItem","position":2,"name":"Strat\u00e9gie nationale pour la cybers\u00e9curit\u00e9 : la r\u00e9ponse fran\u00e7aise face \u00e0 la menace"}]},{"@type":"WebSite","@id":"https:\/\/www.stormshield.com\/fr\/#website","url":"https:\/\/www.stormshield.com\/fr\/","name":"Stormshield","description":"Stormshield","potentialAction":[{"@type":"SearchAction","target":{"@type":"EntryPoint","urlTemplate":"https:\/\/www.stormshield.com\/fr\/?s={search_term_string}"},"query-input":{"@type":"PropertyValueSpecification","valueRequired":true,"valueName":"search_term_string"}}],"inLanguage":"fr-FR"},{"@type":"Person","@id":"https:\/\/www.stormshield.com\/fr\/#\/schema\/person\/30090a13ee53114bfb363986c3e6c3b9","name":"Pierre-Yves Hentzen","image":{"@type":"ImageObject","inLanguage":"fr-FR","@id":"https:\/\/secure.gravatar.com\/avatar\/c04a9430587de744a17e3df69e21b1bf16af9127a3c44bafd611569e204d0ce0?s=96&d=mm&r=g","url":"https:\/\/secure.gravatar.com\/avatar\/c04a9430587de744a17e3df69e21b1bf16af9127a3c44bafd611569e204d0ce0?s=96&d=mm&r=g","contentUrl":"https:\/\/secure.gravatar.com\/avatar\/c04a9430587de744a17e3df69e21b1bf16af9127a3c44bafd611569e204d0ce0?s=96&d=mm&r=g","caption":"Pierre-Yves Hentzen"},"description":"Combining entrepreneurial, managerial, and financial expertise, Pierre-Yves\u2019s career began in 1989. Having joined Arkoon in 2001 as the Chief Financial and Administrative Officer, Pierre-Yves Hentzen retained this position in the 2013 Arkoon-Netasq merger. After his appointment as Deputy Chief Executive Officer in 2015, he was named Chief Executive Officer of Stormshield in 2017.","sameAs":["https:\/\/x.com\/pyhentzen"]}]}},"_links":{"self":[{"href":"https:\/\/www.stormshield.com\/fr\/wp-json\/wp\/v2\/posts\/211705","targetHints":{"allow":["GET"]}}],"collection":[{"href":"https:\/\/www.stormshield.com\/fr\/wp-json\/wp\/v2\/posts"}],"about":[{"href":"https:\/\/www.stormshield.com\/fr\/wp-json\/wp\/v2\/types\/post"}],"author":[{"embeddable":true,"href":"https:\/\/www.stormshield.com\/fr\/wp-json\/wp\/v2\/users\/43"}],"replies":[{"embeddable":true,"href":"https:\/\/www.stormshield.com\/fr\/wp-json\/wp\/v2\/comments?post=211705"}],"version-history":[{"count":12,"href":"https:\/\/www.stormshield.com\/fr\/wp-json\/wp\/v2\/posts\/211705\/revisions"}],"predecessor-version":[{"id":439258,"href":"https:\/\/www.stormshield.com\/fr\/wp-json\/wp\/v2\/posts\/211705\/revisions\/439258"}],"wp:featuredmedia":[{"embeddable":true,"href":"https:\/\/www.stormshield.com\/fr\/wp-json\/wp\/v2\/media\/211712"}],"wp:attachment":[{"href":"https:\/\/www.stormshield.com\/fr\/wp-json\/wp\/v2\/media?parent=211705"}],"wp:term":[{"taxonomy":"category","embeddable":true,"href":"https:\/\/www.stormshield.com\/fr\/wp-json\/wp\/v2\/categories?post=211705"},{"taxonomy":"post_tag","embeddable":true,"href":"https:\/\/www.stormshield.com\/fr\/wp-json\/wp\/v2\/tags?post=211705"},{"taxonomy":"business_size","embeddable":true,"href":"https:\/\/www.stormshield.com\/fr\/wp-json\/wp\/v2\/business_size?post=211705"},{"taxonomy":"industry","embeddable":true,"href":"https:\/\/www.stormshield.com\/fr\/wp-json\/wp\/v2\/industry?post=211705"},{"taxonomy":"help_mefind","embeddable":true,"href":"https:\/\/www.stormshield.com\/fr\/wp-json\/wp\/v2\/help_mefind?post=211705"},{"taxonomy":"features","embeddable":true,"href":"https:\/\/www.stormshield.com\/fr\/wp-json\/wp\/v2\/features?post=211705"},{"taxonomy":"type_security","embeddable":true,"href":"https:\/\/www.stormshield.com\/fr\/wp-json\/wp\/v2\/type_security?post=211705"},{"taxonomy":"maintenance","embeddable":true,"href":"https:\/\/www.stormshield.com\/fr\/wp-json\/wp\/v2\/maintenance?post=211705"},{"taxonomy":"offer","embeddable":true,"href":"https:\/\/www.stormshield.com\/fr\/wp-json\/wp\/v2\/offer?post=211705"},{"taxonomy":"administration_tools","embeddable":true,"href":"https:\/\/www.stormshield.com\/fr\/wp-json\/wp\/v2\/administration_tools?post=211705"},{"taxonomy":"cloud_offers","embeddable":true,"href":"https:\/\/www.stormshield.com\/fr\/wp-json\/wp\/v2\/cloud_offers?post=211705"},{"taxonomy":"listing_product","embeddable":true,"href":"https:\/\/www.stormshield.com\/fr\/wp-json\/wp\/v2\/listing_product?post=211705"}],"curies":[{"name":"wp","href":"https:\/\/api.w.org\/{rel}","templated":true}]}}