{"id":156614,"date":"2019-09-25T09:00:49","date_gmt":"2019-09-25T08:00:49","guid":{"rendered":"https:\/\/www.stormshield.com\/wie-ware-es-wenn-die-mitarbeiter-und-das-unternehmen-im-bereich-der-cyber-sicherheit-haften-mussten\/"},"modified":"2026-01-28T09:53:36","modified_gmt":"2026-01-28T08:53:36","slug":"wie-ware-es-wenn-die-mitarbeiter-und-das-unternehmen-im-bereich-der-cyber-sicherheit-haften-mussten","status":"publish","type":"post","link":"https:\/\/www.stormshield.com\/de\/news\/wie-ware-es-wenn-die-mitarbeiter-und-das-unternehmen-im-bereich-der-cyber-sicherheit-haften-mussten\/","title":{"rendered":"Wie w\u00e4re es, wenn die Mitarbeiter und das Unternehmen im Bereich der Cyber-Sicherheit haften m\u00fcssten?"},"content":{"rendered":"<p><img loading=\"lazy\" decoding=\"async\" class=\"aligncenter wp-image-156384\" title=\"Bild unter Lizenz von Shutterstock.com verwendet.\" src=\"https:\/\/www.stormshield.com\/wp-content\/uploads\/\/shutterstock_1160019634-1024x521.jpg\" alt=\"Cyber-Sicherheit: Wie sieht es mit der Haftbarkeit aus? | Stormshield\" width=\"800\" height=\"407\" srcset=\"https:\/\/www.stormshield.com\/wp-content\/uploads\/shutterstock_1160019634-1024x521.jpg 1024w, https:\/\/www.stormshield.com\/wp-content\/uploads\/shutterstock_1160019634-300x153.jpg 300w, https:\/\/www.stormshield.com\/wp-content\/uploads\/shutterstock_1160019634-768x391.jpg 768w, https:\/\/www.stormshield.com\/wp-content\/uploads\/shutterstock_1160019634-700x356.jpg 700w\" sizes=\"auto, (max-width: 800px) 100vw, 800px\" \/><\/p>\n<p><strong>Bei Diebstahl oder Verlust von Daten wird immer h\u00e4ufiger damit gedroht, dass die Regulierung durch die Haftung der Mitarbeiter, Unternehmensleiter oder des Unternehmens selbst geschieht. Wird der Kampf gegen die schlechte digitale Hygiene bald durch systematische Sanktionen angegangen?<\/strong><\/p>\n<p>K\u00f6nnen Sie sich noch an den Fall Equifax erinnern? Dieses US-Unternehmen, spezialisiert auf Kreditrating und -analyse, wurde im Juli 2017 \u00f6ffentlich aufgrund von <strong>schwerwiegenden Verst\u00f6\u00dfen gegen seine Verpflichtungen im Bereich der Cyber-Sicherheit<\/strong> verklagt. <a href=\"https:\/\/www.spiegel.de\/netzwelt\/netzpolitik\/hackerangriff-auf-equifax-kriminelle-erbeuten-daten-von-etwa-143-millionen-us-buergern-a-1166659.html\" target=\"_blank\" rel=\"noopener noreferrer\">Bei einem Angriff auf das Unternehmen wurden personenbezogene Daten von 143 Millionen US-B\u00fcrgern publik<\/a>. Und diese Fahrl\u00e4ssigkeit war nicht der erste Fall. Im Vorjahr, im Jahr 2016, wurde das Unternehmen bereits aufgrund seiner s\u00e4umigen Vorrichtungen angesichts des Cyberrisikos angemahnt.<\/p>\n<h2>Die Risiken einer schlechten digitalen Hygiene<\/h2>\n<p>Dabei wird es immer wieder in Erinnerung gerufen: Es gab nie umfassendere Risiken. Und auch die Herausforderung, <a href=\"https:\/\/www.stormshield.com\/de\/news\/wie-man-eine-cyber-sicherheitskultur-im-unternehmen-mit-leben-erfullt\/\">eine Cyber-Sicherheitskultur im Unternehmen mit Leben zu erf\u00fcllen, nie so wichtig<\/a>. Es ging sogar so weit, dass die Ratingagentur Moody's, bei der es sich um den wichtigsten Influencer auf die Marktkapitalisierung handelt, die Entscheidung traf, das Cyberrisiko in seine Bewertungskriterien aufzunehmen. Nun handelt es sich sogar um <a href=\"https:\/\/www.wallstreet-online.de\/nachricht\/11008741-cybersicherheit-moody-s-rating-aendern\" target=\"_blank\" rel=\"noopener noreferrer\">ein Ratingkriterium<\/a>. Anders ausgedr\u00fcckt: Die unzureichend vor dieser Bedrohung gesch\u00fctzten Unternehmen k\u00f6nnten ein niedrigeres Rating erhalten. Oder sogar f\u00fcr ihre Verst\u00f6\u00dfe zur Verantwortung gezogen werden, wie dies bei Equifax der Fall gewesen war.<\/p>\n<p>Gleichzeitig hat das franz\u00f6sische Kassationsgericht bereits im M\u00e4rz 2018 \u00fcber <a href=\"https:\/\/www.stormshield.com\/de\/news\/phishing-appell-an-die-verantwortlichkeit-von-unternehmen\/\" target=\"_blank\" rel=\"noopener noreferrer\">die Haftung eines Kunden in Bezug auf eine Phishing-E-Mail<\/a> geurteilt. Durch die Anerkennung \u201e<em>der schweren Fahrl\u00e4ssigkeit des Kunden beim Schutz und der Verwahrung seiner Daten<\/em>\u201c entschied der Gerichtshof die Haftbarkeit der Privatperson und lehnte somit seinen Antrag auf R\u00fcckerstattung des Schadens ab.<\/p>\n<p>Wenngleich diese beiden F\u00e4lle die Haftung eines Unternehmens einerseits und einer Privatperson andererseits in den Vordergrund r\u00fccken, gibt es hiervon nur wenige, sie senden also nur ein schwaches Signal. Bewegen wir uns also nun in Richtung einer schlechten \u201edigitalen Hygiene\u201c, wo systematisch Sanktionen verhangen werden?<\/p>\n<h2>In der DSGVO vorgesehene Sanktionen<\/h2>\n<p>Seit Mai 2018 sieht die Datenschutz-Grundverordnung (DSGVO) zahlreiche Sanktionen vor, die gegen Unternehmen und Beh\u00f6rden verhangen werden k\u00f6nnen. Das Ziel hierbei lautet, gegen Compliance-Verst\u00f6\u00dfe vorzugehen. Artikel 58 der europ\u00e4ischen Verordnung erteilt in Frankreich der CNIL das Befugnis, diese abschreckenden Mittel umzusetzen und Artikel 83 f\u00fchrt die Bedingungen auf, die ihr die Verh\u00e4ngung einer Geldbu\u00dfe erlauben \u2013 die bis zu 4 % des weltweit erzielten Umsatzes betragen kann.<\/p>\n<p>Und die (hohen) Betr\u00e4ge tummeln sich so langsam. In Frankreich hat die CNIL im Januar 2019 <a href=\"https:\/\/www.spiegel.de\/netzwelt\/netzpolitik\/dsgvo-50-millionen-euro-strafe-fuer-google-in-frankreich-a-1249171.html\" target=\"_blank\" rel=\"noopener noreferrer\">Google eine Geldbu\u00dfe von 50 Millionen Euro<\/a> verhangen, w\u00e4hrend im Vereinigten K\u00f6nigreich die Datenschutzbeh\u00f6rde des Vereinigten K\u00f6nigreichs (ICO \u2013 <em>Information Commissioner's Office<\/em>) ihre Absicht erkl\u00e4rte, der Fluggesellschaft British Airways <a href=\"https:\/\/netzpolitik.org\/2019\/dsgvo-british-airways-soll-rekordstrafe-wegen-sicherheitsmaengeln-zahlen\/\" target=\"_blank\" rel=\"noopener noreferrer\">eine Geldbu\u00dfe in H\u00f6he von mehr als 200 Millionen Euro<\/a> zu verh\u00e4ngen. In Erwartung der n\u00e4chsten.<\/p>\n<p>Weniger bekannt ist, dass Artikel 84 der DSGVO ebenfalls strafrechtliche Sanktionen vorsieht. Bislang ist jedoch kein konkreter Fall bekannt ...<\/p>\n<h2>Nach wie vor schwache Pr\u00e4ventionsmechanismen<\/h2>\n<p>Um solche Probleme zu vermeiden, stehen den Unternehmen bereits zahlreiche Tools zur Verf\u00fcgung. \u201e<em>Wir setzen bereits Tools zum Schutz des Zugriffs auf die Netzwerke, der Messaging-Dienste, des Surfens im Internet oder der Arbeitspl\u00e4tze und mobilen Ger\u00e4te ein<\/em>\u201c, unterstreicht <strong>Matthieu Bonenfant,<\/strong> Marketingleiter bei Stormshield. Doch dies reicht nicht aus. \u201e<em>Aufgrund der sich stark \u00e4ndernden Usanzen wie dem steigenden Anteil an Homeoffice und Mobilit\u00e4t ist der Mitarbeiter nun mehr als je zuvor das schwache Glied, insbesondere wenn seine Arbeitsger\u00e4te sich au\u00dferhalb des Sichtfelds des Unternehmens befinden. Dabei hat er nicht den Eindruck, seinem Unternehmen zu schaden.<\/em>\u201c<\/p>\n<p>Neben den technischen Tools ist auch die Sensibilisierung und die Aufkl\u00e4rung der Mitarbeiter von grundlegender Bedeutung. Wo wiederum erste juristische Tools ben\u00f6tigt werden. Wie IT-Chartas beispielsweise, die die bew\u00e4hrten Praktiken festlegen und \u201e<em>s\u00e4mtliche grundlegenden Verhaltensregeln erfassen [m\u00fcssen], die jeder Nutzer bei der Verwendung der IT-Ressourcen anwenden muss, sowie auch jegliche grundlegenden Regeln f\u00fcr die digitale Kommunikation, darunter auch die Rechte der Nutzer<\/em>\u201c, erl\u00e4utert <strong>Sylvie Blondel,<\/strong> Personalleiterin bei Stormshield. Doch oftmals scheinen <strong>diese Chartas, diese bew\u00e4hrten Verhaltensregeln und diese Leitf\u00e4den zur digitalen Hygiene ebenfalls nicht auszureichen<\/strong>. Der Beweis: die Ransomwares sind sehr aktiv. <a href=\"https:\/\/www.zdnet.de\/88357565\/sicherheitsgefahren-phishing-schlimmer-als-ransomware-oder-hacking\/\" target=\"_blank\" rel=\"noopener noreferrer\">Es gibt zahlreiche Phishing-Versuche<\/a>. Und die Cyberkriminalit\u00e4t <a href=\"https:\/\/www.zdnet.de\/88363957\/bis-zu-46-millionen-cyber-attacken-pro-tag-auf-unternehmen\/\" target=\"_blank\" rel=\"noopener noreferrer\">kommt den Unternehmen immer teurer zu stehen<\/a> ... wie auch ihren Gesch\u00e4ftsf\u00fchrern. Wie w\u00e4re es aber, wenn nicht nur eine umfassendere Sensibilisierung notwendig w\u00e4re, sondern auch mehr Strenge bei eventuellen Sanktionen?<\/p>\n<h2>Wird nun mehr auf individuelle Sanktionen gesetzt?<\/h2>\n<p>Im Jahr 2014 wurde <a href=\"https:\/\/www.textilwirtschaft.de\/business\/news\/Target-CEO-verlaesst-das-Unternehmen-91681\" target=\"_blank\" rel=\"noopener noreferrer\">der Gesch\u00e4ftsf\u00fchrer von Target vorsichtig ausgebootet<\/a>, nachdem er f\u00fcr massive Datenverluste seines Unternehmens verurteilt worden war. In j\u00fcngerer Zeit wurde der Gesch\u00e4ftsf\u00fchrer von Equifax sogar von seinen Aktion\u00e4ren seines Amtes enthoben. Die Begr\u00fcndung hierf\u00fcr? Das Ausma\u00df der Sch\u00e4den und die Auswirkungen auf die Marke gerechtfertigten, dass der Gesch\u00e4ftsf\u00fchrer selber im Namen des Unternehmens, das er vertritt, haftet.<\/p>\n<p>Dieser R\u00fcckgriff auf eine Sanktion aufgrund von Fahrl\u00e4ssigkeit, Verantwortungslosigkeit oder schlechter digitaler Hygiene k\u00f6nnte in den kommenden Jahren h\u00e4ufiger vorkommen. Und sogar jeden Mitarbeiter treffen, egal welche Stellung er im Unternehmen hat. Im M\u00e4rz 2018 wurde der Finanzleiter der niederl\u00e4ndischen Tochtergesellschaft von Path\u00e9 entlassen, <a href=\"https:\/\/www.ihk-hessen-innovativ.de\/chef-betrug-mit-folgen-21-mio-schaden-zwei-manager-entlassen\/\" target=\"_blank\" rel=\"noopener noreferrer\">nachdem er dem \u201eChef-Betrug\u201c zum Opfer gefallen war<\/a>. \u201e<em>Je nach Fall kann die Sanktion von der Suspendierung \u00fcber die Aufl\u00f6sung des Arbeitsvertrags bis hin zur Klageerhebung gehen<\/em>\u201c, unterstreicht Matthieu Bonenfant. \u201e<em>Es ist jedoch Sache des Arbeitgebers, den Fehler und seine Schwere in Abh\u00e4ngigkeit seiner eigenen T\u00e4tigkeit, der Verantwortung des Mitarbeiters im Unternehmen, seiner Erfahrung oder eventueller Vorgeschichten zu bewerten<\/em>\u201c erl\u00e4utert Sylvie Blondel. \u201e<em>Und wenn der Arbeitgeber Klage erhebt, kann er versuchen, den erlittenen Schaden zu beweisen, und so seine Rechte geltend machen.<\/em>\u201c<\/p>\n<h2>Rahmenwerk, Rechtsprechung und Regulierung<\/h2>\n<p>Wir haben bereits gesehen, dass ein Unternehmen f\u00fcr auf seine Rechnung begangene Verst\u00f6\u00dfe haften kann und es selber einen seiner Arbeitnehmer oder seinen Gesch\u00e4ftsf\u00fchrer haftbar machen kann. Es gibt jedoch weiterhin mehrere Unbekannte: Wie sieht es mit der Haftung der Unterauftragnehmer im Falle der Fahrl\u00e4ssigkeit oder des Versto\u00dfes aus? Und mit jener der Zulieferer?<\/p>\n<p>Bislang haben wir noch nicht gen\u00fcgend Abstand gewonnen, um diese Rechtsfrage anzugehen. Es ist jedoch ziemlich wahrscheinlich, dass das Rahmenwerk durch die Regulierung, die Rechtsprechung und das Recht in den kommenden Jahren an Bedeutung gewinnen d\u00fcrften. Gro\u00dfe \u00dcbel bed\u00fcrfen starker Heilmittel?<\/p>\n","protected":false},"excerpt":{"rendered":"<p>Bei Diebstahl oder Verlust von Daten wird immer h\u00e4ufiger damit gedroht, dass die Regulierung durch die Haftung der Mitarbeiter, Unternehmensleiter oder des Unternehmens selbst geschieht. Wird der Kampf gegen die schlechte digitale Hygiene bald durch systematische Sanktionen angegangen? K\u00f6nnen Sie sich noch an den Fall&#8230;<\/p>\n","protected":false},"author":31,"featured_media":156385,"comment_status":"closed","ping_status":"closed","sticky":false,"template":"","format":"standard","meta":{"_acf_changed":false,"footnotes":""},"categories":[1619],"tags":[13331],"business_size":[687,685,686],"industry":[690,694,698,700,696,692],"help_mefind":[],"features":[],"type_security":[755,759],"maintenance":[],"offer":[],"administration_tools":[],"cloud_offers":[],"listing_product":[1571,1531],"class_list":["post-156614","post","type-post","status-publish","format-standard","has-post-thumbnail","hentry","category-sicherheitsueberwachung","tag-cybersecurity-von-stormshield","business_size-grossunternehmen","business_size-kleinunternehmen","business_size-mittelstandsunternehmen","industry-banken-und-finanzdienstleister","industry-bildungseinrichtungen","industry-gesundheitswesen","industry-industrie-de","industry-oeffentlichee-sektor","industry-verteidigung-und-militaer","type_security-daten","type_security-netzwerk","listing_product-sds-de","listing_product-sns-de"],"acf":[],"yoast_head":"<!-- This site is optimized with the Yoast SEO plugin v27.3 - https:\/\/yoast.com\/product\/yoast-seo-wordpress\/ -->\n<title>Cyber-Sicherheit: Wie sieht es mit der Haftbarkeit aus? | Stormshield<\/title>\n<meta name=\"description\" content=\"Digitale Hygiene: M\u00fcssen den Mitarbeitern oder dem Unternehmen systematisch Sanktionen verh\u00e4ngt werden?\" \/>\n<meta name=\"robots\" content=\"index, follow, max-snippet:-1, max-image-preview:large, max-video-preview:-1\" \/>\n<link rel=\"canonical\" href=\"https:\/\/www.stormshield.com\/de\/news\/wie-ware-es-wenn-die-mitarbeiter-und-das-unternehmen-im-bereich-der-cyber-sicherheit-haften-mussten\/\" \/>\n<meta property=\"og:locale\" content=\"de_DE\" \/>\n<meta property=\"og:type\" content=\"article\" \/>\n<meta property=\"og:title\" content=\"Cyber-Sicherheit: Wie sieht es mit der Haftbarkeit aus? | Stormshield\" \/>\n<meta property=\"og:description\" content=\"Digitale Hygiene: M\u00fcssen den Mitarbeitern oder dem Unternehmen systematisch Sanktionen verh\u00e4ngt werden?\" \/>\n<meta property=\"og:url\" content=\"https:\/\/www.stormshield.com\/de\/news\/wie-ware-es-wenn-die-mitarbeiter-und-das-unternehmen-im-bereich-der-cyber-sicherheit-haften-mussten\/\" \/>\n<meta property=\"og:site_name\" content=\"Stormshield\" \/>\n<meta property=\"article:published_time\" content=\"2019-09-25T08:00:49+00:00\" \/>\n<meta property=\"article:modified_time\" content=\"2026-01-28T08:53:36+00:00\" \/>\n<meta property=\"og:image\" content=\"https:\/\/www.stormshield.com\/wp-content\/uploads\/shutterstock_1160019634.jpg\" \/>\n\t<meta property=\"og:image:width\" content=\"7008\" \/>\n\t<meta property=\"og:image:height\" content=\"3567\" \/>\n\t<meta property=\"og:image:type\" content=\"image\/jpeg\" \/>\n<meta name=\"author\" content=\"Victor Poitevin\" \/>\n<meta name=\"twitter:card\" content=\"summary_large_image\" \/>\n<meta name=\"twitter:creator\" content=\"@Stormshield\" \/>\n<meta name=\"twitter:site\" content=\"@Stormshield\" \/>\n<meta name=\"twitter:label1\" content=\"Verfasst von\" \/>\n\t<meta name=\"twitter:data1\" content=\"Victor Poitevin\" \/>\n\t<meta name=\"twitter:label2\" content=\"Gesch\u00e4tzte Lesezeit\" \/>\n\t<meta name=\"twitter:data2\" content=\"5\u00a0Minuten\" \/>\n<script type=\"application\/ld+json\" class=\"yoast-schema-graph\">{\"@context\":\"https:\\\/\\\/schema.org\",\"@graph\":[{\"@type\":\"Article\",\"@id\":\"https:\\\/\\\/www.stormshield.com\\\/de\\\/news\\\/wie-ware-es-wenn-die-mitarbeiter-und-das-unternehmen-im-bereich-der-cyber-sicherheit-haften-mussten\\\/#article\",\"isPartOf\":{\"@id\":\"https:\\\/\\\/www.stormshield.com\\\/de\\\/news\\\/wie-ware-es-wenn-die-mitarbeiter-und-das-unternehmen-im-bereich-der-cyber-sicherheit-haften-mussten\\\/\"},\"author\":{\"name\":\"Victor Poitevin\",\"@id\":\"https:\\\/\\\/www.stormshield.com\\\/de\\\/#\\\/schema\\\/person\\\/0adf015dda8f00b6273db9b417b12da2\"},\"headline\":\"Wie w\u00e4re es, wenn die Mitarbeiter und das Unternehmen im Bereich der Cyber-Sicherheit haften m\u00fcssten?\",\"datePublished\":\"2019-09-25T08:00:49+00:00\",\"dateModified\":\"2026-01-28T08:53:36+00:00\",\"mainEntityOfPage\":{\"@id\":\"https:\\\/\\\/www.stormshield.com\\\/de\\\/news\\\/wie-ware-es-wenn-die-mitarbeiter-und-das-unternehmen-im-bereich-der-cyber-sicherheit-haften-mussten\\\/\"},\"wordCount\":1074,\"image\":{\"@id\":\"https:\\\/\\\/www.stormshield.com\\\/de\\\/news\\\/wie-ware-es-wenn-die-mitarbeiter-und-das-unternehmen-im-bereich-der-cyber-sicherheit-haften-mussten\\\/#primaryimage\"},\"thumbnailUrl\":\"https:\\\/\\\/www.stormshield.com\\\/wp-content\\\/uploads\\\/shutterstock_1160019634.jpg\",\"keywords\":[\"Cybersecurity - von Stormshield\"],\"articleSection\":[\"Sicherheits\u00fcberwachung\"],\"inLanguage\":\"de\"},{\"@type\":\"WebPage\",\"@id\":\"https:\\\/\\\/www.stormshield.com\\\/de\\\/news\\\/wie-ware-es-wenn-die-mitarbeiter-und-das-unternehmen-im-bereich-der-cyber-sicherheit-haften-mussten\\\/\",\"url\":\"https:\\\/\\\/www.stormshield.com\\\/de\\\/news\\\/wie-ware-es-wenn-die-mitarbeiter-und-das-unternehmen-im-bereich-der-cyber-sicherheit-haften-mussten\\\/\",\"name\":\"Cyber-Sicherheit: Wie sieht es mit der Haftbarkeit aus? | Stormshield\",\"isPartOf\":{\"@id\":\"https:\\\/\\\/www.stormshield.com\\\/de\\\/#website\"},\"primaryImageOfPage\":{\"@id\":\"https:\\\/\\\/www.stormshield.com\\\/de\\\/news\\\/wie-ware-es-wenn-die-mitarbeiter-und-das-unternehmen-im-bereich-der-cyber-sicherheit-haften-mussten\\\/#primaryimage\"},\"image\":{\"@id\":\"https:\\\/\\\/www.stormshield.com\\\/de\\\/news\\\/wie-ware-es-wenn-die-mitarbeiter-und-das-unternehmen-im-bereich-der-cyber-sicherheit-haften-mussten\\\/#primaryimage\"},\"thumbnailUrl\":\"https:\\\/\\\/www.stormshield.com\\\/wp-content\\\/uploads\\\/shutterstock_1160019634.jpg\",\"datePublished\":\"2019-09-25T08:00:49+00:00\",\"dateModified\":\"2026-01-28T08:53:36+00:00\",\"author\":{\"@id\":\"https:\\\/\\\/www.stormshield.com\\\/de\\\/#\\\/schema\\\/person\\\/0adf015dda8f00b6273db9b417b12da2\"},\"description\":\"Digitale Hygiene: M\u00fcssen den Mitarbeitern oder dem Unternehmen systematisch Sanktionen verh\u00e4ngt werden?\",\"breadcrumb\":{\"@id\":\"https:\\\/\\\/www.stormshield.com\\\/de\\\/news\\\/wie-ware-es-wenn-die-mitarbeiter-und-das-unternehmen-im-bereich-der-cyber-sicherheit-haften-mussten\\\/#breadcrumb\"},\"inLanguage\":\"de\",\"potentialAction\":[{\"@type\":\"ReadAction\",\"target\":[\"https:\\\/\\\/www.stormshield.com\\\/de\\\/news\\\/wie-ware-es-wenn-die-mitarbeiter-und-das-unternehmen-im-bereich-der-cyber-sicherheit-haften-mussten\\\/\"]}]},{\"@type\":\"ImageObject\",\"inLanguage\":\"de\",\"@id\":\"https:\\\/\\\/www.stormshield.com\\\/de\\\/news\\\/wie-ware-es-wenn-die-mitarbeiter-und-das-unternehmen-im-bereich-der-cyber-sicherheit-haften-mussten\\\/#primaryimage\",\"url\":\"https:\\\/\\\/www.stormshield.com\\\/wp-content\\\/uploads\\\/shutterstock_1160019634.jpg\",\"contentUrl\":\"https:\\\/\\\/www.stormshield.com\\\/wp-content\\\/uploads\\\/shutterstock_1160019634.jpg\",\"width\":7008,\"height\":3567},{\"@type\":\"BreadcrumbList\",\"@id\":\"https:\\\/\\\/www.stormshield.com\\\/de\\\/news\\\/wie-ware-es-wenn-die-mitarbeiter-und-das-unternehmen-im-bereich-der-cyber-sicherheit-haften-mussten\\\/#breadcrumb\",\"itemListElement\":[{\"@type\":\"ListItem\",\"position\":1,\"name\":\"Home\",\"item\":\"https:\\\/\\\/www.stormshield.com\\\/de\\\/\"},{\"@type\":\"ListItem\",\"position\":2,\"name\":\"Wie w\u00e4re es, wenn die Mitarbeiter und das Unternehmen im Bereich der Cyber-Sicherheit haften m\u00fcssten?\"}]},{\"@type\":\"WebSite\",\"@id\":\"https:\\\/\\\/www.stormshield.com\\\/de\\\/#website\",\"url\":\"https:\\\/\\\/www.stormshield.com\\\/de\\\/\",\"name\":\"Stormshield\",\"description\":\"Stormshield\",\"potentialAction\":[{\"@type\":\"SearchAction\",\"target\":{\"@type\":\"EntryPoint\",\"urlTemplate\":\"https:\\\/\\\/www.stormshield.com\\\/de\\\/?s={search_term_string}\"},\"query-input\":{\"@type\":\"PropertyValueSpecification\",\"valueRequired\":true,\"valueName\":\"search_term_string\"}}],\"inLanguage\":\"de\"},{\"@type\":\"Person\",\"@id\":\"https:\\\/\\\/www.stormshield.com\\\/de\\\/#\\\/schema\\\/person\\\/0adf015dda8f00b6273db9b417b12da2\",\"name\":\"Victor Poitevin\",\"image\":{\"@type\":\"ImageObject\",\"inLanguage\":\"de\",\"@id\":\"https:\\\/\\\/secure.gravatar.com\\\/avatar\\\/0b6fdfc0b3c6bba351213934a589a60b221b4d00f83fe3bd4fb637c5e541d0e1?s=96&d=mm&r=g\",\"url\":\"https:\\\/\\\/secure.gravatar.com\\\/avatar\\\/0b6fdfc0b3c6bba351213934a589a60b221b4d00f83fe3bd4fb637c5e541d0e1?s=96&d=mm&r=g\",\"contentUrl\":\"https:\\\/\\\/secure.gravatar.com\\\/avatar\\\/0b6fdfc0b3c6bba351213934a589a60b221b4d00f83fe3bd4fb637c5e541d0e1?s=96&d=mm&r=g\",\"caption\":\"Victor Poitevin\"},\"description\":\"Victor is Stormshield\u2019s Editorial &amp; Digital Manager. Attached to the Marketing Department, his role is to improve the Group\u2019s online visibility. This involves Stormshield\u2019s entire ecosystem, including websites, social networks and blogs. He will make use of his diverse experience, gained in several major French and international groups and communications agencies, to fulfill the Group\u2019s high digital aspirations.\"}]}<\/script>\n<!-- \/ Yoast SEO plugin. -->","yoast_head_json":{"title":"Cyber-Sicherheit: Wie sieht es mit der Haftbarkeit aus? | Stormshield","description":"Digitale Hygiene: M\u00fcssen den Mitarbeitern oder dem Unternehmen systematisch Sanktionen verh\u00e4ngt werden?","robots":{"index":"index","follow":"follow","max-snippet":"max-snippet:-1","max-image-preview":"max-image-preview:large","max-video-preview":"max-video-preview:-1"},"canonical":"https:\/\/www.stormshield.com\/de\/news\/wie-ware-es-wenn-die-mitarbeiter-und-das-unternehmen-im-bereich-der-cyber-sicherheit-haften-mussten\/","og_locale":"de_DE","og_type":"article","og_title":"Cyber-Sicherheit: Wie sieht es mit der Haftbarkeit aus? | Stormshield","og_description":"Digitale Hygiene: M\u00fcssen den Mitarbeitern oder dem Unternehmen systematisch Sanktionen verh\u00e4ngt werden?","og_url":"https:\/\/www.stormshield.com\/de\/news\/wie-ware-es-wenn-die-mitarbeiter-und-das-unternehmen-im-bereich-der-cyber-sicherheit-haften-mussten\/","og_site_name":"Stormshield","article_published_time":"2019-09-25T08:00:49+00:00","article_modified_time":"2026-01-28T08:53:36+00:00","og_image":[{"width":7008,"height":3567,"url":"https:\/\/www.stormshield.com\/wp-content\/uploads\/shutterstock_1160019634.jpg","type":"image\/jpeg"}],"author":"Victor Poitevin","twitter_card":"summary_large_image","twitter_creator":"@Stormshield","twitter_site":"@Stormshield","twitter_misc":{"Verfasst von":"Victor Poitevin","Gesch\u00e4tzte Lesezeit":"5\u00a0Minuten"},"schema":{"@context":"https:\/\/schema.org","@graph":[{"@type":"Article","@id":"https:\/\/www.stormshield.com\/de\/news\/wie-ware-es-wenn-die-mitarbeiter-und-das-unternehmen-im-bereich-der-cyber-sicherheit-haften-mussten\/#article","isPartOf":{"@id":"https:\/\/www.stormshield.com\/de\/news\/wie-ware-es-wenn-die-mitarbeiter-und-das-unternehmen-im-bereich-der-cyber-sicherheit-haften-mussten\/"},"author":{"name":"Victor Poitevin","@id":"https:\/\/www.stormshield.com\/de\/#\/schema\/person\/0adf015dda8f00b6273db9b417b12da2"},"headline":"Wie w\u00e4re es, wenn die Mitarbeiter und das Unternehmen im Bereich der Cyber-Sicherheit haften m\u00fcssten?","datePublished":"2019-09-25T08:00:49+00:00","dateModified":"2026-01-28T08:53:36+00:00","mainEntityOfPage":{"@id":"https:\/\/www.stormshield.com\/de\/news\/wie-ware-es-wenn-die-mitarbeiter-und-das-unternehmen-im-bereich-der-cyber-sicherheit-haften-mussten\/"},"wordCount":1074,"image":{"@id":"https:\/\/www.stormshield.com\/de\/news\/wie-ware-es-wenn-die-mitarbeiter-und-das-unternehmen-im-bereich-der-cyber-sicherheit-haften-mussten\/#primaryimage"},"thumbnailUrl":"https:\/\/www.stormshield.com\/wp-content\/uploads\/shutterstock_1160019634.jpg","keywords":["Cybersecurity - von Stormshield"],"articleSection":["Sicherheits\u00fcberwachung"],"inLanguage":"de"},{"@type":"WebPage","@id":"https:\/\/www.stormshield.com\/de\/news\/wie-ware-es-wenn-die-mitarbeiter-und-das-unternehmen-im-bereich-der-cyber-sicherheit-haften-mussten\/","url":"https:\/\/www.stormshield.com\/de\/news\/wie-ware-es-wenn-die-mitarbeiter-und-das-unternehmen-im-bereich-der-cyber-sicherheit-haften-mussten\/","name":"Cyber-Sicherheit: Wie sieht es mit der Haftbarkeit aus? | Stormshield","isPartOf":{"@id":"https:\/\/www.stormshield.com\/de\/#website"},"primaryImageOfPage":{"@id":"https:\/\/www.stormshield.com\/de\/news\/wie-ware-es-wenn-die-mitarbeiter-und-das-unternehmen-im-bereich-der-cyber-sicherheit-haften-mussten\/#primaryimage"},"image":{"@id":"https:\/\/www.stormshield.com\/de\/news\/wie-ware-es-wenn-die-mitarbeiter-und-das-unternehmen-im-bereich-der-cyber-sicherheit-haften-mussten\/#primaryimage"},"thumbnailUrl":"https:\/\/www.stormshield.com\/wp-content\/uploads\/shutterstock_1160019634.jpg","datePublished":"2019-09-25T08:00:49+00:00","dateModified":"2026-01-28T08:53:36+00:00","author":{"@id":"https:\/\/www.stormshield.com\/de\/#\/schema\/person\/0adf015dda8f00b6273db9b417b12da2"},"description":"Digitale Hygiene: M\u00fcssen den Mitarbeitern oder dem Unternehmen systematisch Sanktionen verh\u00e4ngt werden?","breadcrumb":{"@id":"https:\/\/www.stormshield.com\/de\/news\/wie-ware-es-wenn-die-mitarbeiter-und-das-unternehmen-im-bereich-der-cyber-sicherheit-haften-mussten\/#breadcrumb"},"inLanguage":"de","potentialAction":[{"@type":"ReadAction","target":["https:\/\/www.stormshield.com\/de\/news\/wie-ware-es-wenn-die-mitarbeiter-und-das-unternehmen-im-bereich-der-cyber-sicherheit-haften-mussten\/"]}]},{"@type":"ImageObject","inLanguage":"de","@id":"https:\/\/www.stormshield.com\/de\/news\/wie-ware-es-wenn-die-mitarbeiter-und-das-unternehmen-im-bereich-der-cyber-sicherheit-haften-mussten\/#primaryimage","url":"https:\/\/www.stormshield.com\/wp-content\/uploads\/shutterstock_1160019634.jpg","contentUrl":"https:\/\/www.stormshield.com\/wp-content\/uploads\/shutterstock_1160019634.jpg","width":7008,"height":3567},{"@type":"BreadcrumbList","@id":"https:\/\/www.stormshield.com\/de\/news\/wie-ware-es-wenn-die-mitarbeiter-und-das-unternehmen-im-bereich-der-cyber-sicherheit-haften-mussten\/#breadcrumb","itemListElement":[{"@type":"ListItem","position":1,"name":"Home","item":"https:\/\/www.stormshield.com\/de\/"},{"@type":"ListItem","position":2,"name":"Wie w\u00e4re es, wenn die Mitarbeiter und das Unternehmen im Bereich der Cyber-Sicherheit haften m\u00fcssten?"}]},{"@type":"WebSite","@id":"https:\/\/www.stormshield.com\/de\/#website","url":"https:\/\/www.stormshield.com\/de\/","name":"Stormshield","description":"Stormshield","potentialAction":[{"@type":"SearchAction","target":{"@type":"EntryPoint","urlTemplate":"https:\/\/www.stormshield.com\/de\/?s={search_term_string}"},"query-input":{"@type":"PropertyValueSpecification","valueRequired":true,"valueName":"search_term_string"}}],"inLanguage":"de"},{"@type":"Person","@id":"https:\/\/www.stormshield.com\/de\/#\/schema\/person\/0adf015dda8f00b6273db9b417b12da2","name":"Victor Poitevin","image":{"@type":"ImageObject","inLanguage":"de","@id":"https:\/\/secure.gravatar.com\/avatar\/0b6fdfc0b3c6bba351213934a589a60b221b4d00f83fe3bd4fb637c5e541d0e1?s=96&d=mm&r=g","url":"https:\/\/secure.gravatar.com\/avatar\/0b6fdfc0b3c6bba351213934a589a60b221b4d00f83fe3bd4fb637c5e541d0e1?s=96&d=mm&r=g","contentUrl":"https:\/\/secure.gravatar.com\/avatar\/0b6fdfc0b3c6bba351213934a589a60b221b4d00f83fe3bd4fb637c5e541d0e1?s=96&d=mm&r=g","caption":"Victor Poitevin"},"description":"Victor is Stormshield\u2019s Editorial &amp; Digital Manager. Attached to the Marketing Department, his role is to improve the Group\u2019s online visibility. This involves Stormshield\u2019s entire ecosystem, including websites, social networks and blogs. He will make use of his diverse experience, gained in several major French and international groups and communications agencies, to fulfill the Group\u2019s high digital aspirations."}]}},"_links":{"self":[{"href":"https:\/\/www.stormshield.com\/de\/wp-json\/wp\/v2\/posts\/156614","targetHints":{"allow":["GET"]}}],"collection":[{"href":"https:\/\/www.stormshield.com\/de\/wp-json\/wp\/v2\/posts"}],"about":[{"href":"https:\/\/www.stormshield.com\/de\/wp-json\/wp\/v2\/types\/post"}],"author":[{"embeddable":true,"href":"https:\/\/www.stormshield.com\/de\/wp-json\/wp\/v2\/users\/31"}],"replies":[{"embeddable":true,"href":"https:\/\/www.stormshield.com\/de\/wp-json\/wp\/v2\/comments?post=156614"}],"version-history":[{"count":6,"href":"https:\/\/www.stormshield.com\/de\/wp-json\/wp\/v2\/posts\/156614\/revisions"}],"predecessor-version":[{"id":738776,"href":"https:\/\/www.stormshield.com\/de\/wp-json\/wp\/v2\/posts\/156614\/revisions\/738776"}],"wp:featuredmedia":[{"embeddable":true,"href":"https:\/\/www.stormshield.com\/de\/wp-json\/wp\/v2\/media\/156385"}],"wp:attachment":[{"href":"https:\/\/www.stormshield.com\/de\/wp-json\/wp\/v2\/media?parent=156614"}],"wp:term":[{"taxonomy":"category","embeddable":true,"href":"https:\/\/www.stormshield.com\/de\/wp-json\/wp\/v2\/categories?post=156614"},{"taxonomy":"post_tag","embeddable":true,"href":"https:\/\/www.stormshield.com\/de\/wp-json\/wp\/v2\/tags?post=156614"},{"taxonomy":"business_size","embeddable":true,"href":"https:\/\/www.stormshield.com\/de\/wp-json\/wp\/v2\/business_size?post=156614"},{"taxonomy":"industry","embeddable":true,"href":"https:\/\/www.stormshield.com\/de\/wp-json\/wp\/v2\/industry?post=156614"},{"taxonomy":"help_mefind","embeddable":true,"href":"https:\/\/www.stormshield.com\/de\/wp-json\/wp\/v2\/help_mefind?post=156614"},{"taxonomy":"features","embeddable":true,"href":"https:\/\/www.stormshield.com\/de\/wp-json\/wp\/v2\/features?post=156614"},{"taxonomy":"type_security","embeddable":true,"href":"https:\/\/www.stormshield.com\/de\/wp-json\/wp\/v2\/type_security?post=156614"},{"taxonomy":"maintenance","embeddable":true,"href":"https:\/\/www.stormshield.com\/de\/wp-json\/wp\/v2\/maintenance?post=156614"},{"taxonomy":"offer","embeddable":true,"href":"https:\/\/www.stormshield.com\/de\/wp-json\/wp\/v2\/offer?post=156614"},{"taxonomy":"administration_tools","embeddable":true,"href":"https:\/\/www.stormshield.com\/de\/wp-json\/wp\/v2\/administration_tools?post=156614"},{"taxonomy":"cloud_offers","embeddable":true,"href":"https:\/\/www.stormshield.com\/de\/wp-json\/wp\/v2\/cloud_offers?post=156614"},{"taxonomy":"listing_product","embeddable":true,"href":"https:\/\/www.stormshield.com\/de\/wp-json\/wp\/v2\/listing_product?post=156614"}],"curies":[{"name":"wp","href":"https:\/\/api.w.org\/{rel}","templated":true}]}}